{"id":3417,"date":"2018-02-26T16:00:07","date_gmt":"2018-02-26T13:00:07","guid":{"rendered":"http:\/\/www.gaziantepyuzme.com\/?p=3417"},"modified":"2018-02-26T19:45:23","modified_gmt":"2018-02-26T16:45:23","slug":"sonuc-listesi-analig-ve-milli-takim-secmeleri-elemesi-24-25-subat-2018-kapali-yuzme-havuzu","status":"publish","type":"post","link":"https:\/\/www.gaziantepyuzme.com\/index.php\/sonuc-listesi-analig-ve-milli-takim-secmeleri-elemesi-24-25-subat-2018-kapali-yuzme-havuzu\/","title":{"rendered":"Sonu\u00e7 Lstesi: Analig ve Milli Tak\u0131m Se\u00e7meleri Elemesi 24-25 \u015eubat 2018 Kapal\u0131 Y\u00fczme Havuzu"},"content":{"rendered":"<p>2017-2018 sezonu \u0130l Faaliyet program\u0131nda yer alan\u00a0Anadolu Y\u0131ld\u0131zlar\u0131 Y\u00fczme Ligi \u0130l Tak\u0131m\u0131 Se\u00e7meleri ve Milli Tak\u0131m Se\u00e7meleri Elemesi 24-25 \u015eubat 2018 tarihlerinde Kapal\u0131 Y\u00fczme Havuzunda yap\u0131lm\u0131\u015ft\u0131r.<\/p>\n<p>Cengiz B\u0130NG\u00dcL<\/p>\n<p>Y\u00fczme \u0130l Temsilcisi<\/p>\n<p><a href=\"http:\/\/www.gaziantepyuzme.com\/wp-content\/uploads\/2018\/02\/toplu-sonu\u00e7.pdf\">Sonu\u00e7 Listesi-Analig ve Milli Tak\u0131m Se\u00e7meleri 24-25 \u015eubat 2018<\/a><\/p>\n<p><a href=\"http:\/\/www.gaziantepyuzme.com\/wp-content\/uploads\/2018\/02\/Start-Listesi-Analig-ve-Milli-Tak\u0131m-Se\u00e7meleri-24-25-\u015eubat-2018.pdf\">Start Listesi-Analig ve Milli Tak\u0131m Se\u00e7meleri 24-25 \u015eubat 2018<\/a><\/p>\n<p><a href=\"http:\/\/www.gaziantepyuzme.com\/wp-content\/uploads\/2018\/02\/Giri\u015f-Kontrol-Raporu-Analig-ve-Milli-Tak\u0131m-Se\u00e7meleri-24-25-\u015eubat-2018.pdf\">Giri\u015f Kontrol Raporu-Analig ve Milli Tak\u0131m Se\u00e7meleri 24-25 \u015eubat 2018<\/a><\/p>\n<p><a href=\"http:\/\/www.gaziantepyuzme.com\/wp-content\/uploads\/2018\/02\/Talimat-Analig-ve-Milli-Tak\u0131m-Se\u00e7meleri-24-25-\u015eubat-2018-1.pdf\">Talimat-Analig ve Milli Tak\u0131m Se\u00e7meleri 24-25 \u015eubat 2018<\/a><\/p>\n<p><a href=\"http:\/\/www.gaziantepyuzme.com\/wp-content\/uploads\/2018\/02\/2017_2018_ANALIG_11.pdf\">ANALIG SGM<\/a><\/p>\n<p><a href=\"http:\/\/www.gaziantepyuzme.com\/wp-content\/uploads\/2018\/02\/tclga.docx\">TYF Y\u0131ld\u0131z-Gen\u00e7-A\u00e7\u0131k Ya\u015f<\/a><\/p>\n<p><a href=\"http:\/\/www.gaziantepyuzme.com\/wp-content\/uploads\/2018\/02\/Turkcell-Bireysel-y\u0131ld\u0131s-1.docx\">TYF Bireysel Y\u0131ld\u0131zlar<\/a><\/p>\n<p><a href=\"http:\/\/www.gaziantepyuzme.com\/wp-content\/uploads\/2018\/02\/Hakem-G\u00f6revlendirme-Analig-ve-Milli-Tak\u0131m-Se\u00e7meleri-24-25-\u015eubat-2018.pdf\">Hakem G\u00f6revlendirme-Analig ve Milli Tak\u0131m Se\u00e7meleri 24-25 \u015eubat 2018<\/a>\u00a0<a href=\"https:\/\/docs.google.com\/forms\/d\/e\/1FAIpQLSfDI0u86d9qO-kYPTt4gDuYcipgyXUCO5o4YdpdtxqvDSqGTA\/viewform?usp=sf_link\">G\u00f6rev listesine bakt\u0131ktan sonra ONAY i\u00e7in t\u0131klay\u0131n\u0131z<\/a><\/p>\n","protected":false},"excerpt":{"rendered":"<p>2017-2018 sezonu \u0130l Faaliyet program\u0131nda yer alan\u00a0Anadolu Y\u0131ld\u0131zlar\u0131 Y\u00fczme Ligi \u0130l Tak\u0131m\u0131 Se\u00e7meleri ve Milli Tak\u0131m Se\u00e7meleri Elemesi 24-25 \u015eubat 2018 tarihlerinde Kapal\u0131 Y\u00fczme Havuzunda yap\u0131lm\u0131\u015ft\u0131r. Cengiz B\u0130NG\u00dcL Y\u00fczme \u0130l Temsilcisi Sonu\u00e7 Listesi-Analig ve Milli Tak\u0131m Se\u00e7meleri 24-25 \u015eubat 2018 Start Listesi-Analig ve Milli Tak\u0131m Se\u00e7meleri 24-25 \u015eubat 2018 Giri\u015f Kontrol Raporu-Analig ve Milli Tak\u0131m [&hellip;]<\/p>\n","protected":false},"author":2,"featured_media":3043,"comment_status":"open","ping_status":"open","sticky":false,"template":"","format":"standard","meta":{"jetpack_post_was_ever_published":false,"_jetpack_newsletter_access":"","_jetpack_dont_email_post_to_subs":false,"_jetpack_newsletter_tier_id":0,"_jetpack_memberships_contains_paywalled_content":false,"_jetpack_memberships_contains_paid_content":false,"footnotes":"","jetpack_publicize_message":"","jetpack_publicize_feature_enabled":true,"jetpack_social_post_already_shared":true,"jetpack_social_options":{"image_generator_settings":{"template":"highway","default_image_id":0,"font":"","enabled":false},"version":2}},"categories":[1],"tags":[],"class_list":["post-3417","post","type-post","status-publish","format-standard","has-post-thumbnail","hentry","category-genel"],"jetpack_publicize_connections":[],"jetpack_featured_media_url":"https:\/\/i0.wp.com\/www.gaziantepyuzme.com\/wp-content\/uploads\/2017\/04\/minik-yuzuculer-havuzluparkta-bulustu-400x0.jpeg?fit=400%2C291&ssl=1","jetpack_sharing_enabled":true,"jetpack_shortlink":"https:\/\/wp.me\/p5p0aA-T7","_links":{"self":[{"href":"https:\/\/www.gaziantepyuzme.com\/index.php\/wp-json\/wp\/v2\/posts\/3417","targetHints":{"allow":["GET"]}}],"collection":[{"href":"https:\/\/www.gaziantepyuzme.com\/index.php\/wp-json\/wp\/v2\/posts"}],"about":[{"href":"https:\/\/www.gaziantepyuzme.com\/index.php\/wp-json\/wp\/v2\/types\/post"}],"author":[{"embeddable":true,"href":"https:\/\/www.gaziantepyuzme.com\/index.php\/wp-json\/wp\/v2\/users\/2"}],"replies":[{"embeddable":true,"href":"https:\/\/www.gaziantepyuzme.com\/index.php\/wp-json\/wp\/v2\/comments?post=3417"}],"version-history":[{"count":7,"href":"https:\/\/www.gaziantepyuzme.com\/index.php\/wp-json\/wp\/v2\/posts\/3417\/revisions"}],"predecessor-version":[{"id":3446,"href":"https:\/\/www.gaziantepyuzme.com\/index.php\/wp-json\/wp\/v2\/posts\/3417\/revisions\/3446"}],"wp:featuredmedia":[{"embeddable":true,"href":"https:\/\/www.gaziantepyuzme.com\/index.php\/wp-json\/wp\/v2\/media\/3043"}],"wp:attachment":[{"href":"https:\/\/www.gaziantepyuzme.com\/index.php\/wp-json\/wp\/v2\/media?parent=3417"}],"wp:term":[{"taxonomy":"category","embeddable":true,"href":"https:\/\/www.gaziantepyuzme.com\/index.php\/wp-json\/wp\/v2\/categories?post=3417"},{"taxonomy":"post_tag","embeddable":true,"href":"https:\/\/www.gaziantepyuzme.com\/index.php\/wp-json\/wp\/v2\/tags?post=3417"}],"curies":[{"name":"wp","href":"https:\/\/api.w.org\/{rel}","templated":true}]}}