{"id":3818,"date":"2019-02-11T20:23:49","date_gmt":"2019-02-11T17:23:49","guid":{"rendered":"http:\/\/www.gaziantepyuzme.com\/?p=3818"},"modified":"2019-02-19T15:53:09","modified_gmt":"2019-02-19T12:53:09","slug":"tyf-kucukler-bireysel-yildizlar-gencler-ve-acik-yas-milli-takim-secmeleri-ile-11-12-yas-il-ici-vize-yarismalari-16-17-subat-2019-alleben-yuzme-havuzu","status":"publish","type":"post","link":"https:\/\/www.gaziantepyuzme.com\/index.php\/tyf-kucukler-bireysel-yildizlar-gencler-ve-acik-yas-milli-takim-secmeleri-ile-11-12-yas-il-ici-vize-yarismalari-16-17-subat-2019-alleben-yuzme-havuzu\/","title":{"rendered":"TYF Bireysel, Y\u0131ld\u0131zlar, Gen\u00e7ler ve A\u00e7\u0131k Ya\u015f Milli Tak\u0131m Se\u00e7meleri ile 11-12 Ya\u015f \u0130l \u0130\u00e7i 2. Vize Yar\u0131\u015fmalar\u0131 16-17 \u015eubat 2019 Alleben Y\u00fczme Havuzu"},"content":{"rendered":"\n<p>2019 y\u0131l\u0131 \u0130l Faaliyet Program\u0131m\u0131zda yer alan\u00a0<strong>\u201cTYF Bireysel, Y\u0131ld\u0131zlar, Gen\u00e7ler ve A\u00e7\u0131k Ya\u015f Milli Tak\u0131m Se\u00e7meleri ile 11-12 Ya\u015f \u0130l \u0130\u00e7i 2. Vize Yar\u0131\u015fmalar\u0131\u201d \u201c16-17 \u015eubat 2019\u201d<\/strong>\u00a0tarihlerinde\u00a0\u00a0<strong>\u201cAlleben Y\u00fczme Havuzunda\u201d\u00a0<\/strong>\u00a0a\u015fa\u011f\u0131da bulunan talimat do\u011frultusunda yap\u0131lm\u0131\u015ft\u0131r.<\/p>\n\n\n\n<p>Cengiz B\u0130NG\u00dcL<\/p>\n\n\n\n<p>Y\u00fczme \u0130l Temsilcisi<\/p>\n\n\n\n<div class=\"wp-block-file\"><a href=\"http:\/\/www.gaziantepyuzme.com\/wp-content\/uploads\/2019\/02\/TAL\u0130MAT-TYF-Bireysel-Y\u0131ld\u0131zlar-Gen\u00e7ler-ve-A\u00e7\u0131k-Ya\u015f-Milli-Tak\u0131m-Se\u00e7meleri-ile-11-12-Ya\u015f-\u0130l-\u0130\u00e7i-2.-Vize-Yar\u0131\u015fmalar\u0131-16-17-\u015eubat-2019-1.pdf\">TAL\u0130MAT TYF Bireysel, Y\u0131ld\u0131zlar, Gen\u00e7ler ve A\u00e7\u0131k Ya\u015f Milli Tak\u0131m Se\u00e7meleri ile 11-12 Ya\u015f \u0130l \u0130\u00e7i 2. Vize Yar\u0131\u015fmalar\u0131 16-17 \u015eubat 2019<\/a><a href=\"http:\/\/www.gaziantepyuzme.com\/wp-content\/uploads\/2019\/02\/TAL\u0130MAT-TYF-Bireysel-Y\u0131ld\u0131zlar-Gen\u00e7ler-ve-A\u00e7\u0131k-Ya\u015f-Milli-Tak\u0131m-Se\u00e7meleri-ile-11-12-Ya\u015f-\u0130l-\u0130\u00e7i-2.-Vize-Yar\u0131\u015fmalar\u0131-16-17-\u015eubat-2019-1.pdf\" class=\"wp-block-file__button\" download>\u0130ndir<\/a><\/div>\n\n\n\n<div class=\"wp-block-file\"><a href=\"http:\/\/www.gaziantepyuzme.com\/wp-content\/uploads\/2019\/02\/HAKEM-G\u00d6REVLEND\u0130RMES\u0130-TYF-Bireysel-Y\u0131ld\u0131zlar-Gen\u00e7ler-ve-A\u00e7\u0131k-Ya\u015f-Milli-Tak\u0131m-Se\u00e7meleri-ile-11-12-Ya\u015f-\u0130l-\u0130\u00e7i-2.-Vize-Yar\u0131\u015fmalar\u0131-16-17-\u015eubat-2019.pdf\">HAKEM G\u00d6REVLEND\u0130RMES\u0130 TYF Bireysel, Y\u0131ld\u0131zlar, Gen\u00e7ler ve A\u00e7\u0131k Ya\u015f Milli Tak\u0131m Se\u00e7meleri ile 11-12 Ya\u015f \u0130l \u0130\u00e7i 2. Vize Yar\u0131\u015fmalar\u0131 16-17 \u015eubat 2019<\/a><a href=\"http:\/\/www.gaziantepyuzme.com\/wp-content\/uploads\/2019\/02\/HAKEM-G\u00d6REVLEND\u0130RMES\u0130-TYF-Bireysel-Y\u0131ld\u0131zlar-Gen\u00e7ler-ve-A\u00e7\u0131k-Ya\u015f-Milli-Tak\u0131m-Se\u00e7meleri-ile-11-12-Ya\u015f-\u0130l-\u0130\u00e7i-2.-Vize-Yar\u0131\u015fmalar\u0131-16-17-\u015eubat-2019.pdf\" class=\"wp-block-file__button\" download>\u0130ndir<\/a><\/div>\n\n\n\n<div class=\"wp-block-file\"><a href=\"http:\/\/www.gaziantepyuzme.com\/wp-content\/uploads\/2019\/02\/G\u0130R\u0130\u015e-KONTROL-RAPORLARI-TYF-Bireysel-Y\u0131ld\u0131zlar-Gen\u00e7ler-ve-A\u00e7\u0131k-Ya\u015f-Milli-Tak\u0131m-Se\u00e7meleri-ile-11-12-Ya\u015f-\u0130l-\u0130\u00e7i-2.-Vize-Yar\u0131\u015fmalar\u0131-16-17-\u015eubat-2019.pdf\">G\u0130R\u0130\u015e KONTROL RAPORLARI TYF Bireysel, Y\u0131ld\u0131zlar, Gen\u00e7ler ve A\u00e7\u0131k Ya\u015f Milli Tak\u0131m Se\u00e7meleri ile 11-12 Ya\u015f \u0130l \u0130\u00e7i 2. Vize Yar\u0131\u015fmalar\u0131 16-17 \u015eubat 2019<\/a><a href=\"http:\/\/www.gaziantepyuzme.com\/wp-content\/uploads\/2019\/02\/G\u0130R\u0130\u015e-KONTROL-RAPORLARI-TYF-Bireysel-Y\u0131ld\u0131zlar-Gen\u00e7ler-ve-A\u00e7\u0131k-Ya\u015f-Milli-Tak\u0131m-Se\u00e7meleri-ile-11-12-Ya\u015f-\u0130l-\u0130\u00e7i-2.-Vize-Yar\u0131\u015fmalar\u0131-16-17-\u015eubat-2019.pdf\" class=\"wp-block-file__button\" download>\u0130ndir<\/a><\/div>\n","protected":false},"excerpt":{"rendered":"<p>2019 y\u0131l\u0131 \u0130l Faaliyet Program\u0131m\u0131zda yer alan\u00a0\u201cTYF Bireysel, Y\u0131ld\u0131zlar, Gen\u00e7ler ve A\u00e7\u0131k Ya\u015f Milli Tak\u0131m Se\u00e7meleri ile 11-12 Ya\u015f \u0130l \u0130\u00e7i 2. Vize Yar\u0131\u015fmalar\u0131\u201d \u201c16-17 \u015eubat 2019\u201d\u00a0tarihlerinde\u00a0\u00a0\u201cAlleben Y\u00fczme Havuzunda\u201d\u00a0\u00a0a\u015fa\u011f\u0131da bulunan talimat do\u011frultusunda yap\u0131lm\u0131\u015ft\u0131r. Cengiz B\u0130NG\u00dcL Y\u00fczme \u0130l Temsilcisi<\/p>\n","protected":false},"author":2,"featured_media":3047,"comment_status":"open","ping_status":"open","sticky":false,"template":"","format":"standard","meta":{"jetpack_post_was_ever_published":false,"_jetpack_newsletter_access":"","_jetpack_dont_email_post_to_subs":false,"_jetpack_newsletter_tier_id":0,"_jetpack_memberships_contains_paywalled_content":false,"_jetpack_memberships_contains_paid_content":false,"footnotes":"","jetpack_publicize_message":"","jetpack_publicize_feature_enabled":true,"jetpack_social_post_already_shared":true,"jetpack_social_options":{"image_generator_settings":{"template":"highway","default_image_id":0,"font":"","enabled":false},"version":2}},"categories":[1],"tags":[],"class_list":["post-3818","post","type-post","status-publish","format-standard","has-post-thumbnail","hentry","category-genel"],"jetpack_publicize_connections":[],"jetpack_featured_media_url":"https:\/\/i0.wp.com\/www.gaziantepyuzme.com\/wp-content\/uploads\/2017\/04\/Alleben-Y%C3%BCzme-Havuzu.png?fit=600%2C399&ssl=1","jetpack_sharing_enabled":true,"jetpack_shortlink":"https:\/\/wp.me\/p5p0aA-ZA","_links":{"self":[{"href":"https:\/\/www.gaziantepyuzme.com\/index.php\/wp-json\/wp\/v2\/posts\/3818","targetHints":{"allow":["GET"]}}],"collection":[{"href":"https:\/\/www.gaziantepyuzme.com\/index.php\/wp-json\/wp\/v2\/posts"}],"about":[{"href":"https:\/\/www.gaziantepyuzme.com\/index.php\/wp-json\/wp\/v2\/types\/post"}],"author":[{"embeddable":true,"href":"https:\/\/www.gaziantepyuzme.com\/index.php\/wp-json\/wp\/v2\/users\/2"}],"replies":[{"embeddable":true,"href":"https:\/\/www.gaziantepyuzme.com\/index.php\/wp-json\/wp\/v2\/comments?post=3818"}],"version-history":[{"count":10,"href":"https:\/\/www.gaziantepyuzme.com\/index.php\/wp-json\/wp\/v2\/posts\/3818\/revisions"}],"predecessor-version":[{"id":3850,"href":"https:\/\/www.gaziantepyuzme.com\/index.php\/wp-json\/wp\/v2\/posts\/3818\/revisions\/3850"}],"wp:featuredmedia":[{"embeddable":true,"href":"https:\/\/www.gaziantepyuzme.com\/index.php\/wp-json\/wp\/v2\/media\/3047"}],"wp:attachment":[{"href":"https:\/\/www.gaziantepyuzme.com\/index.php\/wp-json\/wp\/v2\/media?parent=3818"}],"wp:term":[{"taxonomy":"category","embeddable":true,"href":"https:\/\/www.gaziantepyuzme.com\/index.php\/wp-json\/wp\/v2\/categories?post=3818"},{"taxonomy":"post_tag","embeddable":true,"href":"https:\/\/www.gaziantepyuzme.com\/index.php\/wp-json\/wp\/v2\/tags?post=3818"}],"curies":[{"name":"wp","href":"https:\/\/api.w.org\/{rel}","templated":true}]}}