{"id":3976,"date":"2019-07-08T11:43:49","date_gmt":"2019-07-08T08:43:49","guid":{"rendered":"http:\/\/www.gaziantepyuzme.com\/?p=3976"},"modified":"2019-07-22T14:02:32","modified_gmt":"2019-07-22T11:02:32","slug":"sonuclar-15-temmuz-demokrasi-bayrami-ve-milli-birlik-gunu-11-12-yas-il-ici-4-vize-yarismalari-ve-tyf-yildizlar-gencler-ve-acik-yas-yuzme-sampiyonasi-secmeleri-20-21-temmuz-2019-tarihlerinde-kapali-yuz","status":"publish","type":"post","link":"https:\/\/www.gaziantepyuzme.com\/index.php\/sonuclar-15-temmuz-demokrasi-bayrami-ve-milli-birlik-gunu-11-12-yas-il-ici-4-vize-yarismalari-ve-tyf-yildizlar-gencler-ve-acik-yas-yuzme-sampiyonasi-secmeleri-20-21-temmuz-2019-tarihlerinde-kapali-yuz\/","title":{"rendered":"Sonu\u00e7lar: 15 Temmuz Demokrasi Bayram\u0131 ve Milli Birlik G\u00fcn\u00fc 11-12 Ya\u015f \u0130l \u0130\u00e7i 4. Vize Yar\u0131\u015fmalar\u0131 ve TYF Y\u0131ld\u0131zlar, Gen\u00e7ler ve A\u00e7\u0131k Ya\u015f Y\u00fczme \u015eampiyonas\u0131 Se\u00e7meleri 20-21 Temmuz 2019 tarihlerinde  Kapal\u0131 Y\u00fczme Havuzunda yap\u0131lacakt\u0131r."},"content":{"rendered":"\n<p> <br>2019 y\u0131l\u0131 Y\u00fczme \u0130l faaliyet program\u0131m\u0131zda yer alan&nbsp;ve&nbsp;<strong>15 Temmuz Demokrasi Bayram\u0131 ve Milli Birlik G\u00fcn\u00fc 11-12 Ya\u015f \u0130l \u0130\u00e7i 4. Vize Yar\u0131\u015fmalar\u0131 ve TYF Y\u0131ld\u0131zlar, Gen\u00e7ler ve A\u00e7\u0131k Ya\u015f Y\u00fczme \u015eampiyonas\u0131 Se\u00e7meleri<\/strong>\u201d \u201c<strong>20-21 Temmuz 2019\u2033&nbsp;<\/strong>tarihlerinde&nbsp;&nbsp;<strong>\u201cKapal\u0131 Y\u00fczme Havuzunda\u201d&nbsp;<\/strong>&nbsp;yap\u0131lm\u0131\u015ft\u0131r. <\/p>\n\n\n\n<p>Cengiz B\u0130NG\u00dcL<\/p>\n\n\n\n<p>Y\u00fczme \u0130l Temsilcisi<\/p>\n\n\n\n<div class=\"wp-block-file\"><a href=\"http:\/\/www.gaziantepyuzme.com\/wp-content\/uploads\/2019\/07\/SONU\u00c7LAR-15-Temmuz-Demokrasi-Bayram\u0131-ve-Milli-Birlik-G\u00fcn\u00fc-11-12-Ya\u015f-ve-14-Ya\u015f-Y\u00fczme-\u015eampiyonas\u0131.pdf\">SONU\u00c7LAR-15 Temmuz Demokrasi Bayram\u0131 ve Milli Birlik G\u00fcn\u00fc 11-12 Ya\u015f ve 14+ Ya\u015f Y\u00fczme \u015eampiyonas\u0131<\/a><a href=\"http:\/\/www.gaziantepyuzme.com\/wp-content\/uploads\/2019\/07\/SONU\u00c7LAR-15-Temmuz-Demokrasi-Bayram\u0131-ve-Milli-Birlik-G\u00fcn\u00fc-11-12-Ya\u015f-ve-14-Ya\u015f-Y\u00fczme-\u015eampiyonas\u0131.pdf\" class=\"wp-block-file__button\" download>\u0130ndir<\/a><\/div>\n\n\n\n<div class=\"wp-block-file\"><a href=\"http:\/\/www.gaziantepyuzme.com\/wp-content\/uploads\/2019\/07\/START-L\u0130STES\u0130-15-Temmuz-Demokrasi-Bayram\u0131-ve-Milli-Birlik-G\u00fcn\u00fc-11-12-Ya\u015f-ve-14-Ya\u015f-Y\u00fczme-\u015eampiyonas\u0131-20-Temmuz-2019.pdf\">START L\u0130STES\u0130 15 Temmuz Demokrasi Bayram\u0131 ve Milli Birlik G\u00fcn\u00fc 11-12 Ya\u015f ve 14+ Ya\u015f Y\u00fczme \u015eampiyonas\u0131 20 Temmuz 2019<\/a><a href=\"http:\/\/www.gaziantepyuzme.com\/wp-content\/uploads\/2019\/07\/START-L\u0130STES\u0130-15-Temmuz-Demokrasi-Bayram\u0131-ve-Milli-Birlik-G\u00fcn\u00fc-11-12-Ya\u015f-ve-14-Ya\u015f-Y\u00fczme-\u015eampiyonas\u0131-20-Temmuz-2019.pdf\" class=\"wp-block-file__button\" download>\u0130ndir<\/a><\/div>\n\n\n\n<div class=\"wp-block-file\"><a href=\"http:\/\/www.gaziantepyuzme.com\/wp-content\/uploads\/2019\/07\/TAL\u0130MAT-15-Temmuz-Demokrasi-Bayram\u0131-ve-Milli-Birlik-G\u00fcn\u00fc-11-12-Ya\u015f-ve-14-Ya\u015f-Y\u00fczme-\u015eampiyonas\u0131-20-Temmuz-2019-2.pdf\">TAL\u0130MAT 15 Temmuz Demokrasi Bayram\u0131 ve Milli Birlik G\u00fcn\u00fc 11-12 Ya\u015f ve 14+ Ya\u015f Y\u00fczme \u015eampiyonas\u0131 20 Temmuz 2019<\/a><a href=\"http:\/\/www.gaziantepyuzme.com\/wp-content\/uploads\/2019\/07\/TAL\u0130MAT-15-Temmuz-Demokrasi-Bayram\u0131-ve-Milli-Birlik-G\u00fcn\u00fc-11-12-Ya\u015f-ve-14-Ya\u015f-Y\u00fczme-\u015eampiyonas\u0131-20-Temmuz-2019-2.pdf\" class=\"wp-block-file__button\" download>\u0130ndir<\/a><\/div>\n\n\n\n<div class=\"wp-block-file\"><a href=\"http:\/\/www.gaziantepyuzme.com\/wp-content\/uploads\/2019\/07\/HAKEM-G\u00d6REVLEND\u0130RMES\u0130-15-Temmuz-Demokrasi-Bayram\u0131-ve-Milli-Birlik-G\u00fcn\u00fc-11-12-Ya\u015f-ve-14-Ya\u015f-Y\u00fczme-\u015eampiyonas\u0131-20-Temmuz-2019.pdf\">HAKEM G\u00d6REVLEND\u0130RMES\u0130 \u0130\u00c7\u0130N TIKLAYINIZ!!<\/a><a href=\"http:\/\/www.gaziantepyuzme.com\/wp-content\/uploads\/2019\/07\/HAKEM-G\u00d6REVLEND\u0130RMES\u0130-15-Temmuz-Demokrasi-Bayram\u0131-ve-Milli-Birlik-G\u00fcn\u00fc-11-12-Ya\u015f-ve-14-Ya\u015f-Y\u00fczme-\u015eampiyonas\u0131-20-Temmuz-2019.pdf\" class=\"wp-block-file__button\" download>\u0130ndir<\/a><\/div>\n","protected":false},"excerpt":{"rendered":"<p>2019 y\u0131l\u0131 Y\u00fczme \u0130l faaliyet program\u0131m\u0131zda yer alan&nbsp;ve&nbsp;15 Temmuz Demokrasi Bayram\u0131 ve Milli Birlik G\u00fcn\u00fc 11-12 Ya\u015f \u0130l \u0130\u00e7i 4. Vize Yar\u0131\u015fmalar\u0131 ve TYF Y\u0131ld\u0131zlar, Gen\u00e7ler ve A\u00e7\u0131k Ya\u015f Y\u00fczme \u015eampiyonas\u0131 Se\u00e7meleri\u201d \u201c20-21 Temmuz 2019\u2033&nbsp;tarihlerinde&nbsp;&nbsp;\u201cKapal\u0131 Y\u00fczme Havuzunda\u201d&nbsp;&nbsp;yap\u0131lm\u0131\u015ft\u0131r. Cengiz B\u0130NG\u00dcL Y\u00fczme \u0130l Temsilcisi<\/p>\n","protected":false},"author":2,"featured_media":3980,"comment_status":"open","ping_status":"open","sticky":false,"template":"","format":"standard","meta":{"jetpack_post_was_ever_published":false,"_jetpack_newsletter_access":"","_jetpack_dont_email_post_to_subs":false,"_jetpack_newsletter_tier_id":0,"_jetpack_memberships_contains_paywalled_content":false,"_jetpack_memberships_contains_paid_content":false,"footnotes":"","jetpack_publicize_message":"","jetpack_publicize_feature_enabled":true,"jetpack_social_post_already_shared":true,"jetpack_social_options":{"image_generator_settings":{"template":"highway","default_image_id":0,"font":"","enabled":false},"version":2}},"categories":[1],"tags":[],"class_list":["post-3976","post","type-post","status-publish","format-standard","has-post-thumbnail","hentry","category-genel"],"jetpack_publicize_connections":[],"jetpack_featured_media_url":"https:\/\/i0.wp.com\/www.gaziantepyuzme.com\/wp-content\/uploads\/2019\/07\/15-TEMMUZ-LOGO2.jpg?fit=750%2C422&ssl=1","jetpack_sharing_enabled":true,"jetpack_shortlink":"https:\/\/wp.me\/p5p0aA-128","_links":{"self":[{"href":"https:\/\/www.gaziantepyuzme.com\/index.php\/wp-json\/wp\/v2\/posts\/3976","targetHints":{"allow":["GET"]}}],"collection":[{"href":"https:\/\/www.gaziantepyuzme.com\/index.php\/wp-json\/wp\/v2\/posts"}],"about":[{"href":"https:\/\/www.gaziantepyuzme.com\/index.php\/wp-json\/wp\/v2\/types\/post"}],"author":[{"embeddable":true,"href":"https:\/\/www.gaziantepyuzme.com\/index.php\/wp-json\/wp\/v2\/users\/2"}],"replies":[{"embeddable":true,"href":"https:\/\/www.gaziantepyuzme.com\/index.php\/wp-json\/wp\/v2\/comments?post=3976"}],"version-history":[{"count":8,"href":"https:\/\/www.gaziantepyuzme.com\/index.php\/wp-json\/wp\/v2\/posts\/3976\/revisions"}],"predecessor-version":[{"id":4040,"href":"https:\/\/www.gaziantepyuzme.com\/index.php\/wp-json\/wp\/v2\/posts\/3976\/revisions\/4040"}],"wp:featuredmedia":[{"embeddable":true,"href":"https:\/\/www.gaziantepyuzme.com\/index.php\/wp-json\/wp\/v2\/media\/3980"}],"wp:attachment":[{"href":"https:\/\/www.gaziantepyuzme.com\/index.php\/wp-json\/wp\/v2\/media?parent=3976"}],"wp:term":[{"taxonomy":"category","embeddable":true,"href":"https:\/\/www.gaziantepyuzme.com\/index.php\/wp-json\/wp\/v2\/categories?post=3976"},{"taxonomy":"post_tag","embeddable":true,"href":"https:\/\/www.gaziantepyuzme.com\/index.php\/wp-json\/wp\/v2\/tags?post=3976"}],"curies":[{"name":"wp","href":"https:\/\/api.w.org\/{rel}","templated":true}]}}